{"id":2856,"date":"2023-07-06T17:01:54","date_gmt":"2023-07-06T15:01:54","guid":{"rendered":"https:\/\/neu.deutschegs.de\/michael-kupper-stelt-zich-voor\/"},"modified":"2023-07-21T10:35:43","modified_gmt":"2023-07-21T08:35:43","slug":"michael-kupper-stelt-zich-voor","status":"publish","type":"post","link":"https:\/\/deutschegs.de\/nl\/michael-kupper-stelt-zich-voor\/","title":{"rendered":"Michael K\u00fcpper stelt zich voor"},"content":{"rendered":"<div class=\"fusion-fullwidth fullwidth-box fusion-builder-row-1 fusion-flex-container nonhundred-percent-fullwidth non-hundred-percent-height-scrolling\" style=\"--awb-border-radius-top-left:0px;--awb-border-radius-top-right:0px;--awb-border-radius-bottom-right:0px;--awb-border-radius-bottom-left:0px;--awb-padding-top:0px;--awb-padding-right:0px;--awb-padding-bottom:0px;--awb-padding-left:0px;--awb-padding-right-small:0px;--awb-padding-bottom-small:0px;--awb-padding-left-small:0px;--awb-flex-wrap:wrap;\" ><div class=\"fusion-builder-row fusion-row fusion-flex-align-items-flex-start fusion-flex-justify-content-space-between fusion-flex-content-wrap\" style=\"max-width:1331.2px;margin-left: calc(-4% \/ 2 );margin-right: calc(-4% \/ 2 );\"><div class=\"fusion-layout-column fusion_builder_column fusion-builder-column-0 fusion_builder_column_2_3 2_3 fusion-flex-column\" style=\"--awb-bg-size:cover;--awb-width-large:66.6666666667%;--awb-margin-top-large:16px;--awb-spacing-right-large:2.88%;--awb-margin-bottom-large:16px;--awb-spacing-left-large:2.88%;--awb-width-medium:75%;--awb-order-medium:0;--awb-spacing-right-medium:2.56%;--awb-spacing-left-medium:2.56%;--awb-width-small:100%;--awb-order-small:0;--awb-margin-top-small:0px;--awb-spacing-right-small:1.92%;--awb-spacing-left-small:1.92%;\"><div class=\"fusion-column-wrapper fusion-column-has-shadow fusion-flex-justify-content-flex-start fusion-content-layout-column\"><div class=\"fusion-title title fusion-title-1 fusion-sep-none fusion-title-text fusion-title-size-two\"><h2 class=\"fusion-title-heading title-heading-left fusion-responsive-typography-calculated\" style=\"margin:0;--fontSize:60;line-height:1.12;\">Ondernemer uit M\u00f6nchengladbach<\/h2><\/div><div class=\"fusion-text fusion-text-1\" style=\"--awb-content-alignment:left;\"><p>Michael K\u00fcpper is de oprichter en directeur van Deutsche Gas und Strom DGS GmbH. Samen met enkele andere bedrijven richtte hij DGS GmbH op om zijn grote netwerk van partners en klanten stabiele en gunstige gas- en elektriciteitsprijzen op lange termijn te kunnen bieden. Belangrijke partners uit energiebedrijven en de verkoop spelen hierbij een sleutelrol.<\/p>\n<\/div><div class=\"fusion-text fusion-text-2\" style=\"--awb-content-alignment:left;\"><blockquote>\n<p>Ik begon met het vinden van oplossingen voor partners uit de naaste omgeving in moeilijke economische tijden voor stijgende energiekosten. Dat beviel me zo goed dat ik vervolgens Deutsche Gas und Strom DGS GmbH heb opgericht. Tegenwoordig behoren bedrijven en vastgoedeigenaren tot onze klanten.<\/p>\n<\/blockquote>\n<\/div><\/div><\/div><div class=\"fusion-layout-column fusion_builder_column fusion-builder-column-1 fusion_builder_column_1_4 1_4 fusion-flex-column fusion-flex-align-self-flex-start\" style=\"--awb-padding-top:20px;--awb-bg-size:cover;--awb-border-color:var(--awb-color2);--awb-border-top:2px;--awb-border-style:solid;--awb-width-large:25%;--awb-margin-top-large:16px;--awb-spacing-right-large:7.68%;--awb-margin-bottom-large:16px;--awb-spacing-left-large:7.68%;--awb-width-medium:25%;--awb-order-medium:0;--awb-spacing-right-medium:7.68%;--awb-spacing-left-medium:7.68%;--awb-width-small:100%;--awb-order-small:0;--awb-spacing-right-small:1.92%;--awb-spacing-left-small:1.92%;\"><div class=\"fusion-column-wrapper fusion-column-has-shadow fusion-flex-justify-content-flex-start fusion-content-layout-column\"><div class=\"fusion-text fusion-text-3\" style=\"--awb-font-size:var(--awb-typography5-font-size);--awb-line-height:var(--awb-typography5-line-height);--awb-letter-spacing:var(--awb-typography5-letter-spacing);--awb-text-transform:var(--awb-typography5-text-transform);--awb-text-font-family:var(--awb-typography5-font-family);--awb-text-font-weight:var(--awb-typography5-font-weight);--awb-text-font-style:var(--awb-typography5-font-style);\"><p>De oprichter en directeur van Deutsche Gas und Strom DGS GmbH stelt zichzelf voor.<\/p>\n<\/div><\/div><\/div><\/div><\/div>\n","protected":false},"excerpt":{"rendered":"<p>De oprichter en directeur van Deutsche Gas und Strom DGS GmbH stelt zichzelf voor.<\/p>\n","protected":false},"author":1,"featured_media":2729,"comment_status":"closed","ping_status":"open","sticky":false,"template":"","format":"standard","meta":{"footnotes":""},"categories":[24,90],"tags":[],"class_list":["post-2856","post","type-post","status-publish","format-standard","has-post-thumbnail","hentry","category-algemeen","category-inzichten-dgs"],"yoast_head":"<!-- This site is optimized with the Yoast SEO plugin v26.5 - https:\/\/yoast.com\/wordpress\/plugins\/seo\/ -->\n<title>Michael K\u00fcpper stelt zich voor - Deutsche Gas und Strom DGS GmbH<\/title>\n<meta name=\"description\" content=\"Ondernemer uit M\u00f6nchengladbach: Michael K\u00fcpper is de oprichter en directeur van Deutsche Gas und Strom DGS GmbH.\" \/>\n<meta name=\"robots\" content=\"index, follow, max-snippet:-1, max-image-preview:large, max-video-preview:-1\" \/>\n<link rel=\"canonical\" href=\"https:\/\/deutschegs.de\/nl\/michael-kupper-stelt-zich-voor\/\" \/>\n<meta property=\"og:locale\" content=\"nl_NL\" \/>\n<meta property=\"og:type\" content=\"article\" \/>\n<meta property=\"og:title\" content=\"Michael K\u00fcpper stelt zich voor - Deutsche Gas und Strom DGS GmbH\" \/>\n<meta property=\"og:description\" content=\"Ondernemer uit M\u00f6nchengladbach: Michael K\u00fcpper is de oprichter en directeur van Deutsche Gas und Strom DGS GmbH.\" \/>\n<meta property=\"og:url\" content=\"https:\/\/deutschegs.de\/nl\/michael-kupper-stelt-zich-voor\/\" \/>\n<meta property=\"og:site_name\" content=\"Deutsche Gas und Strom DGS GmbH\" \/>\n<meta property=\"article:publisher\" content=\"https:\/\/www.facebook.com\/Deutsche-Gas-Strom-DGS-226744964465404\/?ref=br_rs\" \/>\n<meta property=\"article:published_time\" content=\"2023-07-06T15:01:54+00:00\" \/>\n<meta property=\"article:modified_time\" content=\"2023-07-21T08:35:43+00:00\" \/>\n<meta property=\"og:image\" content=\"https:\/\/deutschegs.de\/wp-content\/uploads\/2023\/07\/Michael-Kuepper-jpg.webp\" \/>\n\t<meta property=\"og:image:width\" content=\"500\" \/>\n\t<meta property=\"og:image:height\" content=\"380\" \/>\n\t<meta property=\"og:image:type\" content=\"image\/jpeg\" \/>\n<meta name=\"author\" content=\"DGS-Team\" \/>\n<meta name=\"twitter:card\" content=\"summary_large_image\" \/>\n<meta name=\"twitter:creator\" content=\"@deutsche_dgs\" \/>\n<meta name=\"twitter:site\" content=\"@deutsche_dgs\" \/>\n<meta name=\"twitter:label1\" content=\"Geschreven door\" \/>\n\t<meta name=\"twitter:data1\" content=\"DGS-Team\" \/>\n\t<meta name=\"twitter:label2\" content=\"Geschatte leestijd\" \/>\n\t<meta name=\"twitter:data2\" content=\"3 minuten\" \/>\n<script type=\"application\/ld+json\" class=\"yoast-schema-graph\">{\"@context\":\"https:\/\/schema.org\",\"@graph\":[{\"@type\":\"Article\",\"@id\":\"https:\/\/deutschegs.de\/nl\/michael-kupper-stelt-zich-voor\/#article\",\"isPartOf\":{\"@id\":\"https:\/\/deutschegs.de\/nl\/michael-kupper-stelt-zich-voor\/\"},\"author\":{\"name\":\"DGS-Team\",\"@id\":\"https:\/\/deutschegs.de\/nl\/#\/schema\/person\/39565f2c074af1d3ebc38cedb14dee2c\"},\"headline\":\"Michael K\u00fcpper stelt zich voor\",\"datePublished\":\"2023-07-06T15:01:54+00:00\",\"dateModified\":\"2023-07-21T08:35:43+00:00\",\"mainEntityOfPage\":{\"@id\":\"https:\/\/deutschegs.de\/nl\/michael-kupper-stelt-zich-voor\/\"},\"wordCount\":1107,\"publisher\":{\"@id\":\"https:\/\/deutschegs.de\/nl\/#organization\"},\"image\":{\"@id\":\"https:\/\/deutschegs.de\/nl\/michael-kupper-stelt-zich-voor\/#primaryimage\"},\"thumbnailUrl\":\"https:\/\/deutschegs.de\/wp-content\/uploads\/2023\/07\/Michael-Kuepper-jpg.webp\",\"articleSection\":[\"Algemeen\",\"Inzichten DGS\"],\"inLanguage\":\"nl-NL\"},{\"@type\":\"WebPage\",\"@id\":\"https:\/\/deutschegs.de\/nl\/michael-kupper-stelt-zich-voor\/\",\"url\":\"https:\/\/deutschegs.de\/nl\/michael-kupper-stelt-zich-voor\/\",\"name\":\"Michael K\u00fcpper stelt zich voor - Deutsche Gas und Strom DGS GmbH\",\"isPartOf\":{\"@id\":\"https:\/\/deutschegs.de\/nl\/#website\"},\"primaryImageOfPage\":{\"@id\":\"https:\/\/deutschegs.de\/nl\/michael-kupper-stelt-zich-voor\/#primaryimage\"},\"image\":{\"@id\":\"https:\/\/deutschegs.de\/nl\/michael-kupper-stelt-zich-voor\/#primaryimage\"},\"thumbnailUrl\":\"https:\/\/deutschegs.de\/wp-content\/uploads\/2023\/07\/Michael-Kuepper-jpg.webp\",\"datePublished\":\"2023-07-06T15:01:54+00:00\",\"dateModified\":\"2023-07-21T08:35:43+00:00\",\"description\":\"Ondernemer uit M\u00f6nchengladbach: Michael K\u00fcpper is de oprichter en directeur van Deutsche Gas und Strom DGS GmbH.\",\"breadcrumb\":{\"@id\":\"https:\/\/deutschegs.de\/nl\/michael-kupper-stelt-zich-voor\/#breadcrumb\"},\"inLanguage\":\"nl-NL\",\"potentialAction\":[{\"@type\":\"ReadAction\",\"target\":[\"https:\/\/deutschegs.de\/nl\/michael-kupper-stelt-zich-voor\/\"]}]},{\"@type\":\"ImageObject\",\"inLanguage\":\"nl-NL\",\"@id\":\"https:\/\/deutschegs.de\/nl\/michael-kupper-stelt-zich-voor\/#primaryimage\",\"url\":\"https:\/\/deutschegs.de\/wp-content\/uploads\/2023\/07\/Michael-Kuepper-jpg.webp\",\"contentUrl\":\"https:\/\/deutschegs.de\/wp-content\/uploads\/2023\/07\/Michael-Kuepper-jpg.webp\",\"width\":500,\"height\":380},{\"@type\":\"BreadcrumbList\",\"@id\":\"https:\/\/deutschegs.de\/nl\/michael-kupper-stelt-zich-voor\/#breadcrumb\",\"itemListElement\":[{\"@type\":\"ListItem\",\"position\":1,\"name\":\"Startseite\",\"item\":\"https:\/\/deutschegs.de\/nl\/home-2\/\"},{\"@type\":\"ListItem\",\"position\":2,\"name\":\"Michael K\u00fcpper stelt zich voor\"}]},{\"@type\":\"WebSite\",\"@id\":\"https:\/\/deutschegs.de\/nl\/#website\",\"url\":\"https:\/\/deutschegs.de\/nl\/\",\"name\":\"Deutsche Gas und Strom DGS GmbH\",\"description\":\"Dauerhaft g\u00fcnstige und stabile Gas- &amp; Strompreise f\u00fcr Gewerbe\",\"publisher\":{\"@id\":\"https:\/\/deutschegs.de\/nl\/#organization\"},\"alternateName\":\"DGS\",\"potentialAction\":[{\"@type\":\"SearchAction\",\"target\":{\"@type\":\"EntryPoint\",\"urlTemplate\":\"https:\/\/deutschegs.de\/nl\/?s={search_term_string}\"},\"query-input\":{\"@type\":\"PropertyValueSpecification\",\"valueRequired\":true,\"valueName\":\"search_term_string\"}}],\"inLanguage\":\"nl-NL\"},{\"@type\":\"Organization\",\"@id\":\"https:\/\/deutschegs.de\/nl\/#organization\",\"name\":\"Deutsche Gas und Strom DGS GmbH\",\"alternateName\":\"DGS\",\"url\":\"https:\/\/deutschegs.de\/nl\/\",\"logo\":{\"@type\":\"ImageObject\",\"inLanguage\":\"nl-NL\",\"@id\":\"https:\/\/deutschegs.de\/nl\/#\/schema\/logo\/image\/\",\"url\":\"https:\/\/deutschegs.de\/wp-content\/uploads\/2021\/11\/DGS-GmbH-Logo-460x144-1.png\",\"contentUrl\":\"https:\/\/deutschegs.de\/wp-content\/uploads\/2021\/11\/DGS-GmbH-Logo-460x144-1.png\",\"width\":460,\"height\":144,\"caption\":\"Deutsche Gas und Strom DGS GmbH\"},\"image\":{\"@id\":\"https:\/\/deutschegs.de\/nl\/#\/schema\/logo\/image\/\"},\"sameAs\":[\"https:\/\/www.facebook.com\/Deutsche-Gas-Strom-DGS-226744964465404\/?ref=br_rs\",\"https:\/\/x.com\/deutsche_dgs\"]},{\"@type\":\"Person\",\"@id\":\"https:\/\/deutschegs.de\/nl\/#\/schema\/person\/39565f2c074af1d3ebc38cedb14dee2c\",\"name\":\"DGS-Team\",\"image\":{\"@type\":\"ImageObject\",\"inLanguage\":\"nl-NL\",\"@id\":\"https:\/\/deutschegs.de\/nl\/#\/schema\/person\/image\/\",\"url\":\"https:\/\/secure.gravatar.com\/avatar\/ad2928ea5a7b0bce13a36c039b75fb42405e6bedb367a4ce17dc0c6c7587ac18?s=96&d=mm&r=g\",\"contentUrl\":\"https:\/\/secure.gravatar.com\/avatar\/ad2928ea5a7b0bce13a36c039b75fb42405e6bedb367a4ce17dc0c6c7587ac18?s=96&d=mm&r=g\",\"caption\":\"DGS-Team\"},\"sameAs\":[\"https:\/\/deutschegs.de\"],\"url\":\"https:\/\/deutschegs.de\/nl\/author\/anh2\/\"}]}<\/script>\n<!-- \/ Yoast SEO plugin. -->","yoast_head_json":{"title":"Michael K\u00fcpper stelt zich voor - Deutsche Gas und Strom DGS GmbH","description":"Ondernemer uit M\u00f6nchengladbach: Michael K\u00fcpper is de oprichter en directeur van Deutsche Gas und Strom DGS GmbH.","robots":{"index":"index","follow":"follow","max-snippet":"max-snippet:-1","max-image-preview":"max-image-preview:large","max-video-preview":"max-video-preview:-1"},"canonical":"https:\/\/deutschegs.de\/nl\/michael-kupper-stelt-zich-voor\/","og_locale":"nl_NL","og_type":"article","og_title":"Michael K\u00fcpper stelt zich voor - Deutsche Gas und Strom DGS GmbH","og_description":"Ondernemer uit M\u00f6nchengladbach: Michael K\u00fcpper is de oprichter en directeur van Deutsche Gas und Strom DGS GmbH.","og_url":"https:\/\/deutschegs.de\/nl\/michael-kupper-stelt-zich-voor\/","og_site_name":"Deutsche Gas und Strom DGS GmbH","article_publisher":"https:\/\/www.facebook.com\/Deutsche-Gas-Strom-DGS-226744964465404\/?ref=br_rs","article_published_time":"2023-07-06T15:01:54+00:00","article_modified_time":"2023-07-21T08:35:43+00:00","og_image":[{"width":500,"height":380,"url":"https:\/\/deutschegs.de\/wp-content\/uploads\/2023\/07\/Michael-Kuepper-jpg.webp","type":"image\/jpeg"}],"author":"DGS-Team","twitter_card":"summary_large_image","twitter_creator":"@deutsche_dgs","twitter_site":"@deutsche_dgs","twitter_misc":{"Geschreven door":"DGS-Team","Geschatte leestijd":"3 minuten"},"schema":{"@context":"https:\/\/schema.org","@graph":[{"@type":"Article","@id":"https:\/\/deutschegs.de\/nl\/michael-kupper-stelt-zich-voor\/#article","isPartOf":{"@id":"https:\/\/deutschegs.de\/nl\/michael-kupper-stelt-zich-voor\/"},"author":{"name":"DGS-Team","@id":"https:\/\/deutschegs.de\/nl\/#\/schema\/person\/39565f2c074af1d3ebc38cedb14dee2c"},"headline":"Michael K\u00fcpper stelt zich voor","datePublished":"2023-07-06T15:01:54+00:00","dateModified":"2023-07-21T08:35:43+00:00","mainEntityOfPage":{"@id":"https:\/\/deutschegs.de\/nl\/michael-kupper-stelt-zich-voor\/"},"wordCount":1107,"publisher":{"@id":"https:\/\/deutschegs.de\/nl\/#organization"},"image":{"@id":"https:\/\/deutschegs.de\/nl\/michael-kupper-stelt-zich-voor\/#primaryimage"},"thumbnailUrl":"https:\/\/deutschegs.de\/wp-content\/uploads\/2023\/07\/Michael-Kuepper-jpg.webp","articleSection":["Algemeen","Inzichten DGS"],"inLanguage":"nl-NL"},{"@type":"WebPage","@id":"https:\/\/deutschegs.de\/nl\/michael-kupper-stelt-zich-voor\/","url":"https:\/\/deutschegs.de\/nl\/michael-kupper-stelt-zich-voor\/","name":"Michael K\u00fcpper stelt zich voor - Deutsche Gas und Strom DGS GmbH","isPartOf":{"@id":"https:\/\/deutschegs.de\/nl\/#website"},"primaryImageOfPage":{"@id":"https:\/\/deutschegs.de\/nl\/michael-kupper-stelt-zich-voor\/#primaryimage"},"image":{"@id":"https:\/\/deutschegs.de\/nl\/michael-kupper-stelt-zich-voor\/#primaryimage"},"thumbnailUrl":"https:\/\/deutschegs.de\/wp-content\/uploads\/2023\/07\/Michael-Kuepper-jpg.webp","datePublished":"2023-07-06T15:01:54+00:00","dateModified":"2023-07-21T08:35:43+00:00","description":"Ondernemer uit M\u00f6nchengladbach: Michael K\u00fcpper is de oprichter en directeur van Deutsche Gas und Strom DGS GmbH.","breadcrumb":{"@id":"https:\/\/deutschegs.de\/nl\/michael-kupper-stelt-zich-voor\/#breadcrumb"},"inLanguage":"nl-NL","potentialAction":[{"@type":"ReadAction","target":["https:\/\/deutschegs.de\/nl\/michael-kupper-stelt-zich-voor\/"]}]},{"@type":"ImageObject","inLanguage":"nl-NL","@id":"https:\/\/deutschegs.de\/nl\/michael-kupper-stelt-zich-voor\/#primaryimage","url":"https:\/\/deutschegs.de\/wp-content\/uploads\/2023\/07\/Michael-Kuepper-jpg.webp","contentUrl":"https:\/\/deutschegs.de\/wp-content\/uploads\/2023\/07\/Michael-Kuepper-jpg.webp","width":500,"height":380},{"@type":"BreadcrumbList","@id":"https:\/\/deutschegs.de\/nl\/michael-kupper-stelt-zich-voor\/#breadcrumb","itemListElement":[{"@type":"ListItem","position":1,"name":"Startseite","item":"https:\/\/deutschegs.de\/nl\/home-2\/"},{"@type":"ListItem","position":2,"name":"Michael K\u00fcpper stelt zich voor"}]},{"@type":"WebSite","@id":"https:\/\/deutschegs.de\/nl\/#website","url":"https:\/\/deutschegs.de\/nl\/","name":"Deutsche Gas und Strom DGS GmbH","description":"Dauerhaft g\u00fcnstige und stabile Gas- &amp; Strompreise f\u00fcr Gewerbe","publisher":{"@id":"https:\/\/deutschegs.de\/nl\/#organization"},"alternateName":"DGS","potentialAction":[{"@type":"SearchAction","target":{"@type":"EntryPoint","urlTemplate":"https:\/\/deutschegs.de\/nl\/?s={search_term_string}"},"query-input":{"@type":"PropertyValueSpecification","valueRequired":true,"valueName":"search_term_string"}}],"inLanguage":"nl-NL"},{"@type":"Organization","@id":"https:\/\/deutschegs.de\/nl\/#organization","name":"Deutsche Gas und Strom DGS GmbH","alternateName":"DGS","url":"https:\/\/deutschegs.de\/nl\/","logo":{"@type":"ImageObject","inLanguage":"nl-NL","@id":"https:\/\/deutschegs.de\/nl\/#\/schema\/logo\/image\/","url":"https:\/\/deutschegs.de\/wp-content\/uploads\/2021\/11\/DGS-GmbH-Logo-460x144-1.png","contentUrl":"https:\/\/deutschegs.de\/wp-content\/uploads\/2021\/11\/DGS-GmbH-Logo-460x144-1.png","width":460,"height":144,"caption":"Deutsche Gas und Strom DGS GmbH"},"image":{"@id":"https:\/\/deutschegs.de\/nl\/#\/schema\/logo\/image\/"},"sameAs":["https:\/\/www.facebook.com\/Deutsche-Gas-Strom-DGS-226744964465404\/?ref=br_rs","https:\/\/x.com\/deutsche_dgs"]},{"@type":"Person","@id":"https:\/\/deutschegs.de\/nl\/#\/schema\/person\/39565f2c074af1d3ebc38cedb14dee2c","name":"DGS-Team","image":{"@type":"ImageObject","inLanguage":"nl-NL","@id":"https:\/\/deutschegs.de\/nl\/#\/schema\/person\/image\/","url":"https:\/\/secure.gravatar.com\/avatar\/ad2928ea5a7b0bce13a36c039b75fb42405e6bedb367a4ce17dc0c6c7587ac18?s=96&d=mm&r=g","contentUrl":"https:\/\/secure.gravatar.com\/avatar\/ad2928ea5a7b0bce13a36c039b75fb42405e6bedb367a4ce17dc0c6c7587ac18?s=96&d=mm&r=g","caption":"DGS-Team"},"sameAs":["https:\/\/deutschegs.de"],"url":"https:\/\/deutschegs.de\/nl\/author\/anh2\/"}]}},"_links":{"self":[{"href":"https:\/\/deutschegs.de\/nl\/wp-json\/wp\/v2\/posts\/2856","targetHints":{"allow":["GET"]}}],"collection":[{"href":"https:\/\/deutschegs.de\/nl\/wp-json\/wp\/v2\/posts"}],"about":[{"href":"https:\/\/deutschegs.de\/nl\/wp-json\/wp\/v2\/types\/post"}],"author":[{"embeddable":true,"href":"https:\/\/deutschegs.de\/nl\/wp-json\/wp\/v2\/users\/1"}],"replies":[{"embeddable":true,"href":"https:\/\/deutschegs.de\/nl\/wp-json\/wp\/v2\/comments?post=2856"}],"version-history":[{"count":6,"href":"https:\/\/deutschegs.de\/nl\/wp-json\/wp\/v2\/posts\/2856\/revisions"}],"predecessor-version":[{"id":3677,"href":"https:\/\/deutschegs.de\/nl\/wp-json\/wp\/v2\/posts\/2856\/revisions\/3677"}],"wp:featuredmedia":[{"embeddable":true,"href":"https:\/\/deutschegs.de\/nl\/wp-json\/wp\/v2\/media\/2729"}],"wp:attachment":[{"href":"https:\/\/deutschegs.de\/nl\/wp-json\/wp\/v2\/media?parent=2856"}],"wp:term":[{"taxonomy":"category","embeddable":true,"href":"https:\/\/deutschegs.de\/nl\/wp-json\/wp\/v2\/categories?post=2856"},{"taxonomy":"post_tag","embeddable":true,"href":"https:\/\/deutschegs.de\/nl\/wp-json\/wp\/v2\/tags?post=2856"}],"curies":[{"name":"wp","href":"https:\/\/api.w.org\/{rel}","templated":true}]}}